{"id":268,"date":"2004-07-30T13:23:07","date_gmt":"2004-07-30T16:23:07","guid":{"rendered":"http:\/\/beluco.net\/2019\/?p=268"},"modified":"2020-12-27T14:41:10","modified_gmt":"2020-12-27T17:41:10","slug":"uma-enorme-usina-fotovoltaica-cobrindo-o-deserto-do-saara","status":"publish","type":"post","link":"http:\/\/beluco.net\/2019bs\/2004\/07\/uma-enorme-usina-fotovoltaica-cobrindo-o-deserto-do-saara\/","title":{"rendered":"uma enorme usina fotovoltaica cobrindo o deserto do Saara"},"content":{"rendered":"<p>Entre v\u00e1rias iniciativas e controv\u00e9rsias recorrentes envolvendo projetos com fontes alternativas de energia, uma proposta interessante \u00e9 a de uma grande usina fotovoltaica cobrindo o deserto do Saara. Mas, afinal&#8230; quanta energia uma usina instalada no Saara (ou pelo menos em parte dele) geraria?<\/p>\n<p style=\"text-align: right; margin-right:50px; color:darkgray;\">&#8212;&#8212;- &#8212;&#8212;-<\/p>\n<p>O deserto do Saara \u00e9 popularmente conhecido como um dos maiores e mais quentes desertos do mundo. Ele ocupa uma \u00e1rea total de pouco mais de nove milh\u00f5es de quil\u00f4metros quadrados, estendendo-se desde \u00e1reas pr\u00f3ximas ao Oceano Atl\u00e2ntico at\u00e9 os vales f\u00e9rteis do rio Nilo e desde as regi\u00f5es semi-\u00e1ridas do rio Niger e do Sud\u00e3o at\u00e9 o extremo norte do continente banhado pelo Mar Mediterr\u00e2neo. Seu territ\u00f3rio abriga um total de cerca de 2,5 milh\u00f5es de habitantes e sua \u00e1rea \u00e9 compar\u00e1vel \u00e0 \u00e1rea de pa\u00edses continentais como os Estados Unidos, o Brasil, a Austr\u00e1lia ou a \u00cdndia.<\/p>\n<p><img decoding=\"async\" src=\"https:\/\/beluco.net\/2019bs\/wp-content\/uploads\/2014\/07\/1024px-Sahara_satellite_hires-thumb-800x448-165342.jpg\" alt=\"\" width=\"400\" class=\"alignright size-medium wp-image-589\" style=\"margin: 0px 0px 12px 20px;\" srcset=\"http:\/\/beluco.net\/2019bs\/wp-content\/uploads\/2014\/07\/1024px-Sahara_satellite_hires-thumb-800x448-165342.jpg 800w, http:\/\/beluco.net\/2019bs\/wp-content\/uploads\/2014\/07\/1024px-Sahara_satellite_hires-thumb-800x448-165342-300x168.jpg 300w, http:\/\/beluco.net\/2019bs\/wp-content\/uploads\/2014\/07\/1024px-Sahara_satellite_hires-thumb-800x448-165342-768x430.jpg 768w\" sizes=\"(max-width: 800px) 100vw, 800px\" \/> O Saara \u00e9 na verdade o terceiro maior deserto do mundo, superado pela Ant\u00e1rtida e pelo \u00c1rtico e ocupando \u00e1reas na Arg\u00e9lia, no  Chade, no Egito, na L\u00edbia, em Mali, na Maurit\u00e2nia, no Marrocos, no Niger, no Saara Ocidental e na Tun\u00edsia. O deserto ocupa 31% de todo o continente africano e ele inclui \u00e1reas que apresentam precipita\u00e7\u00f5es m\u00e9dias anuais pr\u00f3xima de zero at\u00e9 \u00e1reas que recebem precipita\u00e7\u00f5es m\u00e9dias anuais que variam desde 100 mm ao ano at\u00e9 250 mm ao ano.<\/p>\n<p>Em um passado distante, o rio Nilo corria at\u00e9 o Oceano Atl\u00e2ntico, mas o \u00faltimo realinhamento do eixo magn\u00e9tico terrestre (conjuntamente com outros fatores, claro!) levou o Nilo \u00e0 sua atual localiza\u00e7\u00e3o. No passado, al\u00e9m disso, uma boa parte do deserto era coberto por densas florestas tropicais, mas o atual padr\u00e3o de circula\u00e7\u00e3o global de massas de ar acabou alterando o clima na regi\u00e3o.<\/p>\n<p>Pela sua extens\u00e3o continental e pela sua localiza\u00e7\u00e3o geogr\u00e1fica, eventualmente ressurgem sugest\u00f5es de um investimento vultuoso para a instala\u00e7\u00e3o de uma enorme usina solar fotovoltaica cobrindo o deserto do Saara. Uma usina que, conforme quem a defende, poderia fornecer suprimentos de energia suficientes para toda a humanidade. &#8220;Uma energia limpa e renov\u00e1vel!&#8221;<\/p>\n<p>Mas, afinal, quanta energia uma usina dessas seria capaz de disponibilizar?<\/p>\n<p>Considerando que n\u00e3o fosse poss\u00edvel cobrir todo o deserto e considerando que uma usina n\u00e3o ocuparia 100% de sua \u00e1rea com pain\u00e9is fotovoltaicos, vamos calcular o que poderia ser fornecido por uma usina cujos pain\u00e9is ocupassem uma \u00e1rea equivalente a (digamos) 10% da \u00e1rea total aproximada do deserto, citada acima. Desse modo, consideremos pain\u00e9is ocupando 900.000 km&sup2;.<\/p>\n<p>Na regi\u00e3o aproximadamente central do deserto, a energia incidente \u00e9 igual na m\u00e9dia a 6,25 kWh por metro quadrado por dia, que por sua vez \u00e9 igual a 2.281,25 kWh por metro quadrado por ano. A energia anual varia entre 4,75 kWh\/m&sup2;\/dia no inverno e 7,22 kWh\/m&sup2;\/dia no ver\u00e3o. Considerando a \u00e1rea citada acima, a energia total ser\u00e1 igual a 2.053.125 TWh por ano.<\/p>\n<p>Os pain\u00e9is fotovoltaicos podem ser fabricados em diferentes configura\u00e7\u00f5es e v\u00eam atingindo efici\u00eancias um pouco superiores a 20% na convers\u00e3o de energia solar em eletricidade. Isso significa dizer que a energia el\u00e9trica fornecida por esses pain\u00e9is \u00e9 equivalente a cerca de 20% da energia incidente, sendo a diferen\u00e7a perdida ou n\u00e3o aproveitada.<\/p>\n<p>Considerando uma efici\u00eancia de 20% para os pain\u00e9is solares e considerando tamb\u00e9m uma declividade para os pain\u00e9is, adequada para aproveitar melhor a energia solar ao longo do dia, chegaremos a uma energia total anual igual a 386.000 TWh. Esse valor \u00e9 igual a 17 vezes a energia el\u00e9trica total gerada ao redor do mundo durante o ano de 2013 e \u00e9 igual a 555 vezes a energia gerada no continente africano nesse mesmo ano.<\/p>\n<p>Finalizando, a fotografia abaixo mostra uma usina solar fotovoltaica operando no deserto de Atacama, no Chile, (que, como <a href=\"http:\/\/obviousmag.org\/horizonte_de_eventos\/2016\/usinas-fotovoltaicas-vistas-com-o-google-maps.html\" target=\"_blank\" rel=\"nofollow noopener noreferrer\">outras usinas<\/a>, opera) em condi\u00e7\u00f5es aproximadamente semelhantes \u00e0s de uma usina no deserto do Saara. Existem outros meios para convers\u00e3o de energia solar, alguns inclusive mais eficientes que os pain\u00e9is fotovoltaicos e que ser\u00e3o tema de futuros artigos.<\/p>\n<p><img decoding=\"async\" src=\"https:\/\/beluco.net\/2019bs\/wp-content\/uploads\/2004\/07\/pv-atacama.jpg\" alt=\"\" width=\"400\" class=\"alignleft size-medium wp-image-860\" style=\"margin: 0px 20px 12px 0px;\" srcset=\"http:\/\/beluco.net\/2019bs\/wp-content\/uploads\/2004\/07\/pv-atacama.jpg 800w, http:\/\/beluco.net\/2019bs\/wp-content\/uploads\/2004\/07\/pv-atacama-300x169.jpg 300w, http:\/\/beluco.net\/2019bs\/wp-content\/uploads\/2004\/07\/pv-atacama-768x432.jpg 768w\" sizes=\"(max-width: 800px) 100vw, 800px\" \/> Uma usina desse tipo, com essas dimens\u00f5es, estaria disponibilizando energia em regi\u00e3o distante dos grandes centros consumidores e seria necess\u00e1ria portanto ainda transport\u00e1-la at\u00e9 as pessoas e ind\u00fastrias etc que a consumiriam. Isso exigiria obras de infra estrutura e custos de transporte. Dificuldades super\u00e1veis mas que podem facilitar a ado\u00e7\u00e3o de outras solu\u00e7\u00f5es.<\/p>\n<p>Al\u00e9m disso, as energias renov\u00e1veis se prestam melhor para a gera\u00e7\u00e3o distribu\u00edda de energia, levando desenvolvimento social e econ\u00f4mico \u00e0s comunidades que as adotarem (o que tamb\u00e9m ser\u00e1 tema de artigo futuro). E uma usina fotovoltaica enorme atuaria como um fornecedor centralizado, portanto contrariando conceitos de utiliza\u00e7\u00e3o sustent\u00e1vel de recursos renov\u00e1veis.<\/p>\n<p style=\"text-align: center; color:gray;\">&#8212;&#8212;&#8212;- &#8212; &#8212;&#8212;&#8212;-<\/p>\n<p>Este texto tamb\u00e9m foi publicado (parcialmente) pela se\u00e7\u00e3o dedicada \u00e0 <a href=\"http:\/\/obviousmag.org\/tecnologia\/\">tecnologia<\/a> do <em>blogue<\/em> portugu\u00eas  <a href=\"http:\/\/obviousmag.org\/horizonte_de_eventos\/2017\/uma-enorme-usina-fotovoltaica-cobrindo-o-deserto-do-saara.html\">uma enorme usina fotovoltaica cobrindo o deserto do Saara<\/a>.<\/p>\n<h3>Ver tamb\u00e9m:<\/h3>\n<p>&#8211; <a href=\"http:\/\/beluco.net\/2019bs\/2018\/12\/alguns-locais-com-suprimento-de-energia-100-renovavel\/\">alguns locais com suprimento de energia 100% renov\u00e1vel<\/a><br \/>\n&#8211; <a href=\"http:\/\/beluco.net\/2019bs\/2018\/12\/as-duas-maiores-turbinas-eolicas-em-operacao-no-mundo\/\">as duas maiores turbinas e\u00f3licas em opera\u00e7\u00e3o no mundo<\/a><br \/>\n&#8211; <a href=\"http:\/\/beluco.net\/2019bs\/2014\/07\/qual-e-a-revolucao-necessaria-para-as-energias-renovaveis\/\">qual \u00e9 a revolu\u00e7\u00e3o necess\u00e1ria para as energias renov\u00e1veis?<\/a><\/p>\n","protected":false},"excerpt":{"rendered":"<p>Entre v\u00e1rias iniciativas e controv\u00e9rsias recorrentes envolvendo projetos com fontes alternativas de energia, uma proposta&hellip;<\/p>\n","protected":false},"author":1,"featured_media":589,"comment_status":"closed","ping_status":"closed","sticky":false,"template":"","format":"standard","meta":{"footnotes":""},"categories":[9,10,14],"tags":[37,51,69,72,74],"class_list":["post-268","post","type-post","status-publish","format-standard","has-post-thumbnail","hentry","category-energia-solar","category-energias-renovaveis","category-obvious-magazine","tag-fotovoltaica","tag-maior","tag-saara","tag-solar","tag-tecnologia"],"_links":{"self":[{"href":"http:\/\/beluco.net\/2019bs\/wp-json\/wp\/v2\/posts\/268","targetHints":{"allow":["GET"]}}],"collection":[{"href":"http:\/\/beluco.net\/2019bs\/wp-json\/wp\/v2\/posts"}],"about":[{"href":"http:\/\/beluco.net\/2019bs\/wp-json\/wp\/v2\/types\/post"}],"author":[{"embeddable":true,"href":"http:\/\/beluco.net\/2019bs\/wp-json\/wp\/v2\/users\/1"}],"replies":[{"embeddable":true,"href":"http:\/\/beluco.net\/2019bs\/wp-json\/wp\/v2\/comments?post=268"}],"version-history":[{"count":5,"href":"http:\/\/beluco.net\/2019bs\/wp-json\/wp\/v2\/posts\/268\/revisions"}],"predecessor-version":[{"id":930,"href":"http:\/\/beluco.net\/2019bs\/wp-json\/wp\/v2\/posts\/268\/revisions\/930"}],"wp:featuredmedia":[{"embeddable":true,"href":"http:\/\/beluco.net\/2019bs\/wp-json\/wp\/v2\/media\/589"}],"wp:attachment":[{"href":"http:\/\/beluco.net\/2019bs\/wp-json\/wp\/v2\/media?parent=268"}],"wp:term":[{"taxonomy":"category","embeddable":true,"href":"http:\/\/beluco.net\/2019bs\/wp-json\/wp\/v2\/categories?post=268"},{"taxonomy":"post_tag","embeddable":true,"href":"http:\/\/beluco.net\/2019bs\/wp-json\/wp\/v2\/tags?post=268"}],"curies":[{"name":"wp","href":"https:\/\/api.w.org\/{rel}","templated":true}]}}